{"id":589,"date":"2012-02-29T09:00:30","date_gmt":"2012-02-29T09:00:30","guid":{"rendered":"http:\/\/www.fischereiverein-wiesenfelden.de\/?p=589"},"modified":"2012-02-29T09:40:51","modified_gmt":"2012-02-29T09:40:51","slug":"589","status":"publish","type":"post","link":"http:\/\/www.fischereiverein-wiesenfelden.de\/?p=589","title":{"rendered":"Jahreshauptversammlung 2012"},"content":{"rendered":"<p><span style=\"color: #000000; font-family: Times New Roman; font-size: small;\"> <\/span><\/p>\n<p><span style=\"color: #000000;\">Am Samstag den 25.02.2012 fand im Gasthaus Schiederhof die allj\u00e4hrliche Jahreshauptversammlung statt. Folgende Punkte standen auf der Tagesordnung: <\/span><\/p>\n<p><span style=\"color: #000000; font-family: Times New Roman; font-size: small;\"> <\/span><\/p>\n<p><span style=\"color: #000000; font-family: Courier New;\"> <\/span><\/p>\n<p><span style=\"color: #000000; font-family: Times New Roman; font-size: small;\"> <\/span><\/p>\n<p><span style=\"color: #000000;\"><strong><span style=\"font-family: Courier New;\">1.<\/span> <\/strong><strong>Begr\u00fc\u00dfung des 1. Vorsitzenden<\/strong><\/span><\/p>\n<p><span style=\"color: #000000; font-family: Times New Roman; font-size: small;\"> <\/span><\/p>\n<p style=\"padding-left: 30px;\"><span style=\"color: #000000;\">Der Vorsitzende Jakob Bronold konnte 62 Mitglieder begr\u00fc\u00dfen.<\/span><\/p>\n<p><span style=\"color: #000000; font-family: Times New Roman; font-size: small;\"> <\/span><\/p>\n<p><span style=\"color: #000000; font-family: Courier New;\"> <\/span><\/p>\n<p><span style=\"color: #000000; font-family: Times New Roman; font-size: small;\"> <\/span><\/p>\n<p><span style=\"color: #000000;\"><strong><span style=\"font-family: Courier New;\">2.<\/span> <\/strong><strong>Totengedenken<\/strong><\/span><\/p>\n<p><span style=\"color: #000000; font-family: Times New Roman; font-size: small;\"> <\/span><\/p>\n<p style=\"padding-left: 30px;\"><span style=\"color: #000000;\">Am 16.02.2011 verstarb Xaver Wagner im Alter von 79 Jahren.<\/span><\/p>\n<p><span style=\"color: #000000; font-family: Times New Roman; font-size: small;\"> <\/span><\/p>\n<p><span style=\"color: #000000; font-family: Courier New;\"> <\/span><\/p>\n<p><span style=\"color: #000000; font-family: Times New Roman; font-size: small;\"> <\/span><\/p>\n<p><span style=\"color: #000000;\"><strong><span style=\"font-family: Courier New;\">3.<\/span> <\/strong><strong>Gemeinsames Essen<\/strong><\/span><\/p>\n<p><span style=\"color: #000000; font-family: Times New Roman; font-size: small;\"> <\/span><\/p>\n<p><strong><span style=\"color: #000000; font-family: Courier New;\"> <\/span><\/strong><\/p>\n<p><span style=\"color: #000000; font-family: Times New Roman; font-size: small;\"> <\/span><\/p>\n<p><span style=\"color: #000000;\"><strong><span style=\"font-family: Courier New;\">4.<\/span> <\/strong><strong>Kassenbericht der Kassiere Beate und Ludwig Meinzinger<\/strong><\/span><\/p>\n<p><span style=\"color: #000000; font-family: Times New Roman; font-size: small;\"> <\/span><\/p>\n<p style=\"padding-left: 30px;\"><span style=\"color: #000000;\">Die Kassiere konnten auf Grund des sehr guten Kartenverkaufs f\u00fcr den Stausee Postfelden einen positiven Kassenbericht<span style=\"font-family: Courier New;\"> vorlegen.<\/span><\/span><\/p>\n<p><span style=\"color: #000000; font-family: Times New Roman; font-size: small;\"> <\/span><\/p>\n<p><span style=\"color: #000000; font-family: Courier New;\"> <\/span><\/p>\n<p><span style=\"color: #000000; font-family: Times New Roman; font-size: small;\"> <\/span><\/p>\n<p><span style=\"color: #000000;\"><strong><span style=\"font-family: Courier New;\">5.<\/span> <\/strong><strong>Bericht des Schriftf\u00fchrers Guiseppe Berillo<\/strong><\/span><\/p>\n<p><span style=\"color: #000000; font-family: Times New Roman; font-size: small;\"> <\/span><\/p>\n<p style=\"padding-left: 30px;\"><span style=\"color: #000000;\">Der 1. Vorsitzende Jakob Bronold \u00fcbernahm in Vertretung f\u00fcr Guiseppe Berillo eine kurzen R\u00fcckblick auf die Aktivit\u00e4ten des vergangenen Jahres.<\/span><\/p>\n<p><span style=\"color: #000000; font-family: Times New Roman; font-size: small;\"> <\/span><\/p>\n<p><span style=\"color: #000000; font-family: Courier New;\"> <\/span><\/p>\n<p><span style=\"color: #000000; font-family: Times New Roman; font-size: small;\"> <\/span><\/p>\n<p><span style=\"color: #000000;\"><strong><span style=\"font-family: Courier New;\">6.<\/span> <\/strong><strong>Entlastung der gesamten Vorstandschaft<\/strong><\/span><\/p>\n<p><span style=\"color: #000000; font-family: Times New Roman; font-size: small;\"> <\/span><\/p>\n<p><strong><span style=\"color: #000000; font-family: Courier New;\"> <\/span><\/strong><\/p>\n<p><span style=\"color: #000000; font-family: Times New Roman; font-size: small;\"> <\/span><\/p>\n<p><span style=\"color: #000000;\"><strong><span style=\"font-family: Courier New;\">7.<\/span> <\/strong><strong>Bericht des Jugendwart<span style=\"font-family: Courier New;\"> Markus Eckel<\/span><\/strong><\/span><\/p>\n<p><span style=\"color: #000000; font-family: Times New Roman; font-size: small;\"> <\/span><\/p>\n<p style=\"padding-left: 30px;\"><span style=\"color: #000000;\">Markus Eckel berichtete \u00fcber das allj\u00e4hrliche Zeltlager und das Jugendfischen im Jahr 2011. Weiter gab er einen kurzen Ausblick und die Info an die Vereinskollegen, dass die beiden Jugendwarte zur Jugendleiterversammlung nach Plattling und zur Bayerischen Jugendleiterversammlung nach Oberthulbach bei Hammelburg in 2012 fahren werden.<\/span><\/p>\n<p style=\"padding-left: 30px;\"><span style=\"color: #000000; font-family: Times New Roman; font-size: small;\"> <\/span><\/p>\n<p><strong><span style=\"color: #000000; font-family: Courier New;\"> <\/span><\/strong><\/p>\n<p><span style=\"color: #000000; font-family: Times New Roman; font-size: small;\"> <\/span><\/p>\n<p><span style=\"color: #000000;\"><strong><span style=\"font-family: Courier New;\">8.<\/span> <\/strong><strong>Bericht des 1. Vorsitzenden Jakob Bronold<\/strong><\/span><\/p>\n<p><span style=\"color: #000000; font-family: Times New Roman; font-size: small;\"> <\/span><\/p>\n<p style=\"padding-left: 30px;\"><span style=\"color: #000000;\">Jakob Bronold konnte auf ein erfolgreiches Vereinsjahr zur\u00fcck blicken, indem der H\u00f6hepunkt die Pachtung des neuen Vereinsgew\u00e4ssers war. In seinem Bericht erl\u00e4uterte der Vorsitzende, dass der Kartenverkauf die Haupteinnahmequelle des Vereins sei und dieser den Besatz f\u00fcr das Folgejahr regelt.<\/span><\/p>\n<p style=\"padding-left: 30px;\"><span style=\"color: #000000; font-family: Times New Roman; font-size: small;\"> <\/span><\/p>\n<p style=\"padding-left: 30px;\"><span style=\"color: #000000;\">Beim Besatz f\u00fcr das Jahr 2012 schoss man aber ein wenig \u00fcber das gesteckte Ziel hinaus. Es wurden 37 Ztr. Karpfen, 430 St. Zander, 25 kg Forellen, 30 fangf\u00e4hige Hechte und 5 Ztr. Futterfische gesetzt. Beim Raubfisch Besatz wies Jakob Bronold darauf hin, dass es sehr schwer war Zander und Hecht zu bekommen. Sogar die Fischz\u00fcchter selber hatten hohe Verluste durch den Kormoran zu verzeichnen.<\/span><\/p>\n<p style=\"padding-left: 30px;\"><span style=\"color: #000000; font-family: Times New Roman; font-size: small;\"> <\/span><\/p>\n<p style=\"padding-left: 30px;\"><span style=\"color: #000000;\">Als Ausblick f\u00fcr das Angeljahr 2012 ging der Vorsitzende Bronold auf die Neubesetzung der Nachzuchtgew\u00e4sser ein, wobei beim Eisenharter Weiher zuvor der Damm repariert werden muss, da der Bieber sein Unwesen getrieben hat und diesen teilweise untergraben hat.<\/span><\/p>\n<p style=\"padding-left: 30px;\"><span style=\"color: #000000; font-family: Times New Roman; font-size: small;\"> <\/span><\/p>\n<p style=\"padding-left: 30px;\"><span style=\"color: #000000;\">Ein weiteres gro\u00dfes Projekt sei der Anbau der Vereinsscheune um<\/span><\/p>\n<p style=\"padding-left: 30px;\"><span style=\"color: #000000; font-family: Times New Roman; font-size: small;\"> <\/span><\/p>\n<p style=\"padding-left: 30px;\"><span style=\"color: #000000;\">6 m x 20 m, wobei der Vorsitzende wieder auf die tatkr\u00e4ftigen Helfer des Vereins baut.<\/span><\/p>\n<p style=\"padding-left: 30px;\"><span style=\"color: #000000; font-family: Times New Roman; font-size: small;\"> <\/span><\/p>\n<p style=\"padding-left: 30px;\"><span style=\"color: #000000;\">Ein gro\u00dfes Anliegen des Vorsitzenden ist, dass jeder Angler, der ans Wasser geht, sich eine Abhackmatte zulegen soll. Es wurde des \u00d6fteren gesehen, dass Fische in den Sand gelegt wurden, was eine Sch\u00e4digung der Schleimhaut verursacht und der Fisch dann tage sp\u00e4ter j\u00e4mmerlich zu Grunde geht. Sei der Fisch noch so klein, ist er doch ein Lebewesen wie wir Menschen.<\/span><\/p>\n<p style=\"padding-left: 30px;\"><span style=\"color: #000000; font-family: Times New Roman; font-size: small;\"> <\/span><\/p>\n<p style=\"padding-left: 30px;\"><span style=\"color: #000000; font-family: Courier New;\"> <\/span><\/p>\n<p><span style=\"color: #000000; font-family: Times New Roman; font-size: small;\"> <\/span><\/p>\n<p><span style=\"color: #000000;\"><strong><span style=\"font-family: Courier New;\">9.<\/span> <\/strong><strong>Gru\u00dfworte des B\u00fcrgermeisters Anton Drexler<\/strong><\/span><\/p>\n<p><span style=\"color: #000000; font-family: Times New Roman; font-size: small;\"> <\/span><\/p>\n<p style=\"padding-left: 30px;\"><span style=\"color: #000000;\">B\u00fcrgermeister Drexler bedankte sich bei Jakob Bronold f\u00fcr 15 Jahre als erster Vorsitzender des Vereins.<\/span><\/p>\n<p style=\"padding-left: 30px;\"><span style=\"color: #000000; font-family: Times New Roman; font-size: small;\"> <\/span><\/p>\n<p style=\"padding-left: 30px;\"><span style=\"color: #000000;\">Des weiteren betonte er die ausgezeichnete Zusammenarbeit zwischen Gemeinde und Fischereiverein. Er sieht auch kein Hindernis darin, dass der Verein sein Angelrevier vom Neuweiher in Wiesenfelden zum Stausee nach Postfelden verlegt hat. Der Gemeinde Vorsteher ging auch auf den Scheunenanbau ein und wies darauf hin, dass noch ein paar Punkte gekl\u00e4rt werden m\u00fcssen, aber er sei guter Dinge, dass dieses Projekt verwirklicht werden kann.<\/span><\/p>\n<p style=\"padding-left: 30px;\"><span style=\"color: #000000; font-family: Times New Roman; font-size: small;\"> <\/span><\/p>\n<p style=\"padding-left: 30px;\"><span style=\"color: #000000;\">Des Weiteren berichtete Drexler \u00fcber die beiden Zimmer im neuen Rathaus die zur Unterbringung der Fahnen der Ortsvereine dienen, in denen noch eine L\u00fcftung eingebaut wird, sodass keine Sch\u00e4den durch Feuchtigkeit an den Fahnen entstehen kann.<\/span><\/p>\n<p><span style=\"color: #000000; font-family: Times New Roman; font-size: small;\"> <\/span><\/p>\n<p><span style=\"color: #000000; font-family: Courier New;\"> <\/span><\/p>\n<p><span style=\"color: #000000; font-family: Times New Roman; font-size: small;\"> <\/span><\/p>\n<p><span style=\"color: #000000;\"><strong><span style=\"font-family: Courier New;\">10.<\/span> <\/strong><strong>Neuwahlen der gesamten Vorstandschaft<\/strong><\/span><\/p>\n<p><span style=\"color: #000000; font-family: Times New Roman; font-size: small;\"> <\/span><\/p>\n<p style=\"padding-left: 30px;\"><span style=\"color: #000000;\">B\u00fcrgermeister Anton Drexler \u00fcbernahm die Wahlleitung. Die Wahl ging mit folgendem Ergebnis aus:<\/span><\/p>\n<p><span style=\"color: #000000; font-family: Times New Roman; font-size: small;\"> <\/span><\/p>\n<p><span style=\"color: #000000; font-family: Courier New;\"> <\/span><\/p>\n<p><span style=\"color: #000000; font-family: Times New Roman; font-size: small;\"> <\/span><\/p>\n<p style=\"padding-left: 30px;\"><span style=\"color: #000000;\"><span style=\"font-family: Calibri;\">1.<\/span> Vorstand &#8211;\u00a0\u00a0 <span style=\"font-family: Courier New;\"><strong>Bronold Jakob<\/strong><\/span><\/span><\/p>\n<p style=\"padding-left: 30px;\"><span style=\"color: #000000;\"><span style=\"font-family: Calibri;\">2. Vorstand &#8211;\u00a0 <strong>Eckel Markus<\/strong><\/span><\/span><\/p>\n<p style=\"padding-left: 30px;\"><span style=\"color: #000000;\"><span style=\"font-family: Calibri;\">3.<\/span> Vorstand &#8211;\u00a0<span style=\"font-family: Courier New;\"> <strong>Meinzinger Franz<\/strong><\/span><\/span><\/p>\n<p><span style=\"color: #000000; font-family: Times New Roman; font-size: small;\"> <\/span><span style=\"color: #000000; font-family: Times New Roman; font-size: small;\"> <\/span><span style=\"color: #000000; font-family: Times New Roman; font-size: small;\"> <\/span><\/p>\n<p><span style=\"color: #000000; font-family: Courier New;\"> <\/span><\/p>\n<p><span style=\"color: #000000; font-family: Times New Roman; font-size: small;\"> <\/span><\/p>\n<p style=\"padding-left: 30px;\"><span style=\"color: #000000;\"><span style=\"font-family: Calibri;\">1.<\/span> Kassier &#8211;\u00a0<span style=\"font-family: Courier New;\"> <strong>Beate Meinzinger<\/strong><\/span><\/span><\/p>\n<p style=\"padding-left: 30px;\"><span style=\"color: #000000;\"><span style=\"font-family: Calibri;\">2.<\/span> Kassier &#8211;\u00a0<span style=\"font-family: Courier New;\"> <strong>Ludwig Meinzinger<\/strong><\/span><\/span><\/p>\n<p><span style=\"color: #000000; font-family: Times New Roman; font-size: small;\"> <\/span><span style=\"color: #000000; font-family: Times New Roman; font-size: small;\"> <\/span><\/p>\n<p><span style=\"color: #000000; font-family: Courier New;\"> <\/span><\/p>\n<p><span style=\"color: #000000; font-family: Times New Roman; font-size: small;\"> <\/span><\/p>\n<p style=\"padding-left: 30px;\"><span style=\"color: #000000;\"><span style=\"font-family: Calibri;\">1.<\/span> Jugendwart &#8211;\u00a0<span style=\"font-family: Courier New;\"> <strong>Markus Eckel<\/strong><\/span><\/span><\/p>\n<p style=\"padding-left: 30px;\"><span style=\"color: #000000;\"><span style=\"font-family: Calibri;\">2.<\/span> Jugendwart &#8211;\u00a0<span style=\"font-family: Courier New;\"> <strong>Wolfgang Bronold<\/strong><\/span><\/span><\/p>\n<p><span style=\"color: #000000; font-family: Times New Roman; font-size: small;\"> <\/span><span style=\"color: #000000; font-family: Times New Roman; font-size: small;\"> <\/span><\/p>\n<p><span style=\"color: #000000; font-family: Courier New;\"> <\/span><\/p>\n<p><span style=\"color: #000000; font-family: Times New Roman; font-size: small;\"> <\/span><\/p>\n<p style=\"padding-left: 30px;\"><span style=\"color: #000000;\">Schriftf\u00fchrerin &#8211;\u00a0<strong><span style=\"font-family: Courier New;\"> Stefanie Eckel<\/span><\/strong><\/span><\/p>\n<p style=\"padding-left: 30px;\"><span style=\"color: #000000; font-family: Times New Roman; font-size: small;\"> <\/span><\/p>\n<p style=\"padding-left: 30px;\"><span style=\"color: #000000;\">Fahnenjunker &#8211;<\/span><strong><span style=\"font-family: Courier New;\"> <span style=\"color: #000000;\"> Christian Eckel<\/span><\/span><\/strong><\/p>\n<p style=\"padding-left: 30px;\"><span style=\"color: #000000; font-family: Times New Roman; font-size: small;\"> <\/span><\/p>\n<p style=\"padding-left: 30px;\"><strong><span style=\"color: #000000; font-family: Courier New;\"> <\/span><\/strong><\/p>\n<p style=\"padding-left: 30px;\"><span style=\"color: #000000; font-family: Times New Roman; font-size: small;\"> <\/span><\/p>\n<p style=\"padding-left: 30px;\"><span style=\"color: #000000;\">Weitere Ausschussmitglieder:<\/span><\/p>\n<p style=\"padding-left: 30px;\"><span style=\"color: #000000; font-family: Times New Roman; font-size: small;\"> <\/span><\/p>\n<p style=\"padding-left: 30px;\"><span style=\"color: #000000; font-family: Courier New;\"> <\/span><\/p>\n<p style=\"padding-left: 30px;\"><span style=\"color: #000000; font-family: Times New Roman; font-size: small;\"> <\/span><\/p>\n<p style=\"padding-left: 30px;\"><span style=\"color: #000000;\">Reichinger Christian<\/span><\/p>\n<p style=\"padding-left: 30px;\"><span style=\"color: #000000; font-family: Times New Roman; font-size: small;\"> <\/span><\/p>\n<p style=\"padding-left: 30px;\"><span style=\"color: #000000;\">Grimm Ludwig<\/span><\/p>\n<p style=\"padding-left: 30px;\"><span style=\"color: #000000; font-family: Times New Roman; font-size: small;\"> <\/span><\/p>\n<p style=\"padding-left: 30px;\"><span style=\"color: #000000;\">M\u00fchlbauer Hubert<\/span><\/p>\n<p style=\"padding-left: 30px;\"><span style=\"color: #000000; font-family: Times New Roman; font-size: small;\"> <\/span><\/p>\n<p style=\"padding-left: 30px;\"><span style=\"color: #000000;\">Jobst Anton<\/span><\/p>\n<p style=\"padding-left: 30px;\"><span style=\"color: #000000; font-family: Times New Roman; font-size: small;\"> <\/span><\/p>\n<p style=\"padding-left: 30px;\"><span style=\"color: #000000;\">Hecht Andreas<\/span><\/p>\n<p style=\"padding-left: 30px;\"><span style=\"color: #000000; font-family: Times New Roman; font-size: small;\"> <\/span><\/p>\n<p style=\"padding-left: 30px;\"><span style=\"color: #000000;\">Steinkirchner Thomas<\/span><\/p>\n<p style=\"padding-left: 30px;\"><span style=\"color: #000000; font-family: Times New Roman; font-size: small;\"> <\/span><\/p>\n<p style=\"padding-left: 30px;\"><span style=\"color: #000000;\">Steubl Harald<\/span><\/p>\n<p style=\"padding-left: 30px;\"><span style=\"color: #000000; font-family: Times New Roman; font-size: small;\"> <\/span><\/p>\n<p style=\"padding-left: 30px;\"><span style=\"color: #000000;\">Meinzinger Herbert<\/span><\/p>\n<p style=\"padding-left: 30px;\"><span style=\"color: #000000; font-family: Times New Roman; font-size: small;\"> <\/span><\/p>\n<p style=\"padding-left: 30px;\"><span style=\"color: #000000;\">Gro\u00df Markus<\/span><\/p>\n<p style=\"padding-left: 30px;\"><span style=\"color: #000000; font-family: Times New Roman; font-size: small;\"> <\/span><\/p>\n<p style=\"padding-left: 30px;\"><span style=\"color: #000000;\">Baumgartner Hans<\/span><\/p>\n<p style=\"padding-left: 30px;\"><span style=\"color: #000000; font-family: Times New Roman; font-size: small;\"> <\/span><\/p>\n<p style=\"padding-left: 30px;\"><span style=\"color: #000000;\">Zimmerer Ludwig <strong><em><span style=\"font-family: Courier New;\">Neu<\/span><\/em><\/strong><\/span><\/p>\n<p style=\"padding-left: 30px;\"><span style=\"color: #000000; font-family: Times New Roman; font-size: small;\"> <\/span><\/p>\n<p style=\"padding-left: 30px;\"><span style=\"color: #000000;\">Sch\u00fctz Rudolf <strong><em><span style=\"font-family: Courier New;\">Neu<\/span><\/em><\/strong><\/span><\/p>\n<p style=\"padding-left: 30px;\"><span style=\"color: #000000; font-family: Times New Roman; font-size: small;\"> <\/span><\/p>\n<p><strong><em><span style=\"color: #000000; font-family: Courier New;\"> <\/span><\/em><\/strong><\/p>\n<p><span style=\"color: #000000; font-family: Times New Roman; font-size: small;\"> <\/span><\/p>\n<p style=\"padding-left: 30px;\"><span style=\"color: #000000;\">Es schieden aus eigen Wusch folgende Mitglieder aus der Vorstandschaft aus:<\/span><\/p>\n<p style=\"padding-left: 30px;\"><span style=\"color: #000000; font-family: Times New Roman; font-size: small;\"> <\/span><\/p>\n<p style=\"padding-left: 30px;\"><span style=\"color: #000000; font-family: Courier New;\"> <\/span><\/p>\n<p style=\"padding-left: 30px;\"><span style=\"color: #000000; font-family: Times New Roman; font-size: small;\"> <\/span><\/p>\n<p style=\"padding-left: 30px;\"><span style=\"color: #000000;\">G\u00fcrster Alfons \u00a0<span style=\"font-family: Courier New;\"> 33 Jahre Ausschuss (Gesundheitliche Gr\u00fcnde)<\/span><\/span><\/p>\n<p style=\"padding-left: 30px;\"><span style=\"color: #000000; font-family: Times New Roman; font-size: small;\"> <\/span><\/p>\n<p><span style=\"color: #000000; font-family: Courier New;\"> <\/span><\/p>\n<p><span style=\"color: #000000; font-family: Times New Roman; font-size: small;\"> <\/span><\/p>\n<p style=\"padding-left: 30px;\"><span style=\"color: #000000;\">Kaiser Bernhard \u00a0<span style=\"font-family: Courier New;\"> 12 Jahre Ausschuss (Berufliche Gr\u00fcnde)<\/span><\/span><\/p>\n<p><span style=\"color: #000000; font-family: Times New Roman; font-size: small;\"> <\/span><\/p>\n<p><span style=\"color: #000000; font-family: Courier New;\"> <\/span><\/p>\n<p><span style=\"color: #000000; font-family: Times New Roman; font-size: small;\"> <\/span><\/p>\n<p style=\"padding-left: 30px;\"><span style=\"color: #000000;\">Berillo Guiseppe \u00a0<span style=\"font-family: Courier New;\"> 3 Jahre Ausschuss u. Schriftf\u00fchrer (Berufliche Gr\u00fcnde)<\/span><\/span><\/p>\n<p><span style=\"color: #000000; font-family: Times New Roman; font-size: small;\"> <\/span><\/p>\n<p><span style=\"color: #000000; font-family: Courier New;\"> <\/span><\/p>\n<p><span style=\"color: #000000; font-family: Times New Roman; font-size: small;\"> <\/span><\/p>\n<p><span style=\"color: #000000; font-family: Courier New;\"> <\/span><\/p>\n<p><span style=\"color: #000000; font-family: Times New Roman; font-size: small;\"> <\/span><\/p>\n<p><strong><span style=\"color: #000000; font-family: Courier New;\"> <\/span><\/strong><\/p>\n<p><span style=\"color: #000000; font-family: Times New Roman; font-size: small;\"> <\/span><\/p>\n<p><span style=\"color: #000000;\"><strong><span style=\"font-family: Courier New;\">11.<\/span> <\/strong><strong>Ehrungen<\/strong><\/span><\/p>\n<p><span style=\"color: #000000; font-family: Times New Roman; font-size: small;\"> <\/span><\/p>\n<p><strong><span style=\"color: #000000; font-family: Courier New;\"> <\/span><\/strong><\/p>\n<p><span style=\"color: #000000; font-family: Times New Roman; font-size: small;\"> <\/span><\/p>\n<p style=\"padding-left: 30px;\"><span style=\"color: #000000;\">Es wurden die oben genannten ausgeschiedenen Ausschussmitglieder f\u00fcr ihre Zeit in der Vorstandsschaft geehrt.<\/span><\/p>\n<p style=\"padding-left: 30px;\"><span style=\"color: #000000; font-family: Times New Roman; font-size: small;\"> <\/span><\/p>\n<p><span style=\"color: #000000; font-family: Courier New;\"> <\/span><\/p>\n<p><span style=\"color: #000000; font-family: Times New Roman; font-size: small;\"> <\/span><\/p>\n<p style=\"padding-left: 30px;\"><span style=\"color: #000000;\">F\u00fcr 20 Jahre Mitgliedschaft wurde Anton Zacherl geehrt.<\/span><\/p>\n<p style=\"padding-left: 30px;\"><span style=\"color: #000000; font-family: Times New Roman; font-size: small;\"> <\/span><\/p>\n<p><span style=\"color: #000000; font-family: Courier New;\"> <\/span><\/p>\n<p><span style=\"color: #000000; font-family: Times New Roman; font-size: small;\"> <\/span><\/p>\n<p style=\"padding-left: 30px;\"><span style=\"color: #000000;\">Die Ehrung des gr\u00f6\u00dften gefangenen Fisch ging an Gerhard Laumer aus Brennberg, der einen Waller mit 56 Pfund gefangen hat.<\/span><\/p>\n<p><span style=\"color: #000000; font-family: Times New Roman; font-size: small;\"> <\/span><\/p>\n<p><strong><span style=\"color: #000000; font-family: Courier New;\"> <\/span><\/strong><\/p>\n<p><span style=\"color: #000000; font-family: Times New Roman; font-size: small;\"> <\/span><\/p>\n<p><span style=\"color: #000000;\"><strong><span style=\"font-family: Courier New;\">12.<\/span> <\/strong><strong>Informationen, Allgemeine Aussprache, W\u00fcnsche und Antr\u00e4ge<\/strong><\/span><\/p>\n<p><span style=\"color: #000000; font-family: Times New Roman; font-size: small;\"> <\/span><\/p>\n<p><strong><span style=\"color: #000000; font-family: Courier New;\"> <\/span><\/strong><\/p>\n<p><span style=\"color: #000000; font-family: Times New Roman; font-size: small;\"> <\/span><\/p>\n<p style=\"padding-left: 30px;\"><span style=\"color: #000000;\"><strong>Anfischen \u00a0 <span style=\"font-family: Courier New;\"> <\/span><\/strong>am 15. oder 22. April 2012<\/span><\/p>\n<p><span style=\"color: #000000; font-family: Times New Roman; font-size: small;\"> <\/span><\/p>\n<p style=\"padding-left: 30px;\"><span style=\"color: #000000;\"><strong>Vatertagsfischen \u00a0 <span style=\"font-family: Courier New;\"> <\/span><\/strong>am 17. Mai 2012<\/span><\/p>\n<p><span style=\"color: #000000; font-family: Times New Roman; font-size: small;\"> <\/span><\/p>\n<p style=\"padding-left: 30px;\"><span style=\"color: #000000;\"><strong>K\u00f6nigsfischen \u00a0<span style=\"font-family: Courier New;\"> <\/span><\/strong>am 20. Mai 2012<\/span><\/p>\n<p><span style=\"color: #000000; font-family: Times New Roman; font-size: small;\"> <\/span><\/p>\n<p style=\"padding-left: 30px;\"><span style=\"color: #000000;\"><strong>Fischerfest \u00a0<span style=\"font-family: Courier New;\"> <\/span><\/strong>am 3. Juni 2012 (Festplatz Wiesenfelden)<\/span><\/p>\n<p style=\"padding-left: 30px;\"><span style=\"color: #000000; font-family: Times New Roman; font-size: small;\"> <\/span><\/p>\n<p style=\"padding-left: 30px;\"><strong><span style=\"color: #000000;\">Jugendzeltlager \u00a0<span style=\"font-family: Courier New;\"> <\/span><\/span><\/strong><span style=\"color: #000000;\">voraussichtlich<strong><span style=\"font-family: Courier New;\"> <\/span><\/strong><\/span><span style=\"color: #000000;\">am 10. bis 11. August<\/span><\/p>\n<p style=\"padding-left: 30px;\"><span style=\"color: #000000; font-family: Times New Roman; font-size: small;\"> <\/span><\/p>\n<p style=\"padding-left: 30px;\"><span style=\"color: #000000;\"><strong>Raubfischen \u00a0<span style=\"font-family: Courier New;\"> <\/span><\/strong>am 14. Oktober<\/span><\/p>\n<p><span style=\"color: #000000; font-family: Times New Roman; font-size: small;\"> <\/span><\/p>\n<p><strong><span style=\"color: #000000; font-family: Courier New;\"> <\/span><\/strong><\/p>\n<p><span style=\"color: #000000; font-family: Times New Roman; font-size: small;\"> <\/span><\/p>\n<p style=\"padding-left: 30px;\"><span style=\"color: #000000;\"><strong>Genaueres oder \u00c4nderungen zu den Terminen werden auf der Homepage bekannt gegeben!<\/strong><\/span><\/p>\n<p><span style=\"color: #000000; font-family: Times New Roman; font-size: small;\"> <\/span><\/p>\n<p><span style=\"color: #000000; font-family: Courier New;\"> <\/span><\/p>\n<p><span style=\"color: #000000; font-family: Times New Roman; font-size: small;\"> <\/span><\/p>\n<p style=\"padding-left: 30px;\"><span style=\"color: #000000;\">Einen Aufruf startete Bronold noch.<\/span><\/p>\n<p style=\"padding-left: 30px;\"><span style=\"color: #000000; font-family: Times New Roman; font-size: small;\"> <\/span><\/p>\n<p style=\"padding-left: 30px;\"><span style=\"color: #000000;\">Der Sch\u00fctzenverein Immergr\u00fcn Wiesenfelden feiert sein 50. J\u00e4hriges Gr\u00fcndungsfest vom 27. Bis 30. Juli. Es wird auch das Fischerzelt aufgebaut welches als Bar umgebaut wird. Der Sch\u00fctzenverein w\u00fcrde sich sehr freuen wenn ein paar M\u00e4nner beim Aufbau helfen k\u00f6nnten. Vielleicht melden sich auch ein Paar freiwillige f\u00fcr eine Zeltwache vom Sonntag auf Montag nach dem Fest. Dem Sch\u00fctzen w\u00e4re damit sehr geholfen, da der Verein nicht auf eine so gro\u00dfe Mitgliederzahl zur\u00fcckgreifen kann wie die Fischer.<\/span><\/p>\n<p><span style=\"color: #000000; font-family: Times New Roman; font-size: small;\"> <\/span><\/p>\n<p><span style=\"color: #000000; font-family: Courier New;\"> <\/span><\/p>\n<p><span style=\"color: #000000; font-family: Times New Roman; font-size: small;\"> <\/span><\/p>\n<p><strong><span style=\"color: #000000; font-family: Courier New;\"> <\/span><\/strong><\/p>\n<p><span style=\"color: #000000; font-family: Times New Roman; font-size: small;\"> <\/span><\/p>\n<p><strong><span style=\"color: #000000; font-family: Courier New;\"> <\/span><\/strong><\/p>\n<p><span style=\"color: #000000; font-family: Times New Roman; font-size: small;\"> <\/span><\/p>\n<p><span style=\"color: #000000;\"><strong><span style=\"font-family: Courier New;\">13.<\/span> <\/strong><strong>Schlussworte des Vorsitzenden<\/strong><\/span><\/p>\n<p><span style=\"color: #000000; font-family: Times New Roman; font-size: small;\"> <\/span><\/p>\n<p><span style=\"color: #000000; font-family: Courier New;\"> <\/span><\/p>\n<p><span style=\"color: #000000; font-family: Times New Roman; font-size: small;\"> <\/span><\/p>\n<p style=\"padding-left: 30px;\"><span style=\"color: #000000;\">Der Vorsitzende Bronold Jakob bedankte sich f\u00fcr das Vertrauen, welches die Versammlung in die teilweise neu gew\u00e4hlte Vorstandschaft setzt und w\u00fcnscht allen Anglern \u201ePetri Heil\u201c f\u00fcr das neue Angeljahr.<\/span><\/p>\n<p><span style=\"color: #000000; font-family: Times New Roman; font-size: small;\"> <img decoding=\"async\" title=\"gallery orderby=&quot;rand&quot;\" src=\"http:\/\/www.fischereiverein-wiesenfelden.de\/wp-includes\/js\/tinymce\/plugins\/wpgallery\/img\/t.gif\" alt=\"\" \/><img decoding=\"async\" title=\"gallery orderby=&quot;rand&quot;\" src=\"http:\/\/www.fischereiverein-wiesenfelden.de\/wp-includes\/js\/tinymce\/plugins\/wpgallery\/img\/t.gif\" alt=\"\" \/><\/span><\/p>\n<div id='gallery-1' class='gallery galleryid-589 gallery-columns-3 gallery-size-thumbnail'><figure class='gallery-item'>\n\t\t\t<div class='gallery-icon landscape'>\n\t\t\t\t<a href='http:\/\/www.fischereiverein-wiesenfelden.de\/?attachment_id=609'><img loading=\"lazy\" decoding=\"async\" width=\"150\" height=\"150\" src=\"http:\/\/www.fischereiverein-wiesenfelden.de\/wp-content\/uploads\/2012\/02\/DSC05070-150x150.jpg\" class=\"attachment-thumbnail size-thumbnail\" alt=\"Die neue Vorstandschaft\" \/><\/a>\n\t\t\t<\/div><\/figure><figure class='gallery-item'>\n\t\t\t<div class='gallery-icon landscape'>\n\t\t\t\t<a href='http:\/\/www.fischereiverein-wiesenfelden.de\/?attachment_id=605'><img loading=\"lazy\" decoding=\"async\" width=\"150\" height=\"150\" src=\"http:\/\/www.fischereiverein-wiesenfelden.de\/wp-content\/uploads\/2012\/02\/DSC05059-150x150.jpg\" class=\"attachment-thumbnail size-thumbnail\" alt=\"\" \/><\/a>\n\t\t\t<\/div><\/figure><figure class='gallery-item'>\n\t\t\t<div class='gallery-icon landscape'>\n\t\t\t\t<a href='http:\/\/www.fischereiverein-wiesenfelden.de\/?attachment_id=600'><img loading=\"lazy\" decoding=\"async\" width=\"150\" height=\"150\" src=\"http:\/\/www.fischereiverein-wiesenfelden.de\/wp-content\/uploads\/2012\/02\/DSC05037-Kopie-150x150.jpg\" class=\"attachment-thumbnail size-thumbnail\" alt=\"\" \/><\/a>\n\t\t\t<\/div><\/figure><figure class='gallery-item'>\n\t\t\t<div class='gallery-icon landscape'>\n\t\t\t\t<a href='http:\/\/www.fischereiverein-wiesenfelden.de\/?attachment_id=602'><img loading=\"lazy\" decoding=\"async\" width=\"150\" height=\"150\" src=\"http:\/\/www.fischereiverein-wiesenfelden.de\/wp-content\/uploads\/2012\/02\/DSC05043-150x150.jpg\" class=\"attachment-thumbnail size-thumbnail\" alt=\"\" \/><\/a>\n\t\t\t<\/div><\/figure><figure class='gallery-item'>\n\t\t\t<div class='gallery-icon landscape'>\n\t\t\t\t<a href='http:\/\/www.fischereiverein-wiesenfelden.de\/?attachment_id=608'><img loading=\"lazy\" decoding=\"async\" width=\"150\" height=\"150\" src=\"http:\/\/www.fischereiverein-wiesenfelden.de\/wp-content\/uploads\/2012\/02\/DSC05078-150x150.jpg\" class=\"attachment-thumbnail size-thumbnail\" alt=\"\" \/><\/a>\n\t\t\t<\/div><\/figure><figure class='gallery-item'>\n\t\t\t<div class='gallery-icon landscape'>\n\t\t\t\t<a href='http:\/\/www.fischereiverein-wiesenfelden.de\/?attachment_id=606'><img loading=\"lazy\" decoding=\"async\" width=\"150\" height=\"150\" src=\"http:\/\/www.fischereiverein-wiesenfelden.de\/wp-content\/uploads\/2012\/02\/DSC05065-150x150.jpg\" class=\"attachment-thumbnail size-thumbnail\" alt=\"\" \/><\/a>\n\t\t\t<\/div><\/figure><figure class='gallery-item'>\n\t\t\t<div class='gallery-icon landscape'>\n\t\t\t\t<a href='http:\/\/www.fischereiverein-wiesenfelden.de\/?attachment_id=601'><img loading=\"lazy\" decoding=\"async\" width=\"150\" height=\"150\" src=\"http:\/\/www.fischereiverein-wiesenfelden.de\/wp-content\/uploads\/2012\/02\/DSC05041-Kopie-150x150.jpg\" class=\"attachment-thumbnail size-thumbnail\" alt=\"\" \/><\/a>\n\t\t\t<\/div><\/figure><figure class='gallery-item'>\n\t\t\t<div class='gallery-icon landscape'>\n\t\t\t\t<a href='http:\/\/www.fischereiverein-wiesenfelden.de\/?attachment_id=603'><img loading=\"lazy\" decoding=\"async\" width=\"150\" height=\"150\" src=\"http:\/\/www.fischereiverein-wiesenfelden.de\/wp-content\/uploads\/2012\/02\/DSC05046-150x150.jpg\" class=\"attachment-thumbnail size-thumbnail\" alt=\"\" \/><\/a>\n\t\t\t<\/div><\/figure><figure class='gallery-item'>\n\t\t\t<div class='gallery-icon landscape'>\n\t\t\t\t<a href='http:\/\/www.fischereiverein-wiesenfelden.de\/?attachment_id=607'><img loading=\"lazy\" decoding=\"async\" width=\"150\" height=\"150\" src=\"http:\/\/www.fischereiverein-wiesenfelden.de\/wp-content\/uploads\/2012\/02\/DSC05073-150x150.jpg\" class=\"attachment-thumbnail size-thumbnail\" alt=\"\" \/><\/a>\n\t\t\t<\/div><\/figure><figure class='gallery-item'>\n\t\t\t<div class='gallery-icon landscape'>\n\t\t\t\t<a href='http:\/\/www.fischereiverein-wiesenfelden.de\/?attachment_id=604'><img loading=\"lazy\" decoding=\"async\" width=\"150\" height=\"150\" src=\"http:\/\/www.fischereiverein-wiesenfelden.de\/wp-content\/uploads\/2012\/02\/DSC05053-150x150.jpg\" class=\"attachment-thumbnail size-thumbnail\" alt=\"\" \/><\/a>\n\t\t\t<\/div><\/figure>\n\t\t<\/div>\n\n","protected":false},"excerpt":{"rendered":"<p>Am Samstag den 25.02.2012 fand im Gasthaus Schiederhof die allj\u00e4hrliche Jahreshauptversammlung statt. Folgende Punkte standen auf der Tagesordnung: 1. Begr\u00fc\u00dfung des 1.<\/p>\n<p class=\"link-more\"><a class=\"myButt \" href=\"http:\/\/www.fischereiverein-wiesenfelden.de\/?p=589\">Zum Beitrag<\/a><\/p>\n","protected":false},"author":3,"featured_media":0,"comment_status":"closed","ping_status":"closed","sticky":false,"template":"","format":"gallery","meta":{"footnotes":""},"categories":[1],"tags":[],"class_list":["post-589","post","type-post","status-publish","format-gallery","hentry","category-veranstaltungen","post_format-post-format-gallery"],"_links":{"self":[{"href":"http:\/\/www.fischereiverein-wiesenfelden.de\/index.php?rest_route=\/wp\/v2\/posts\/589","targetHints":{"allow":["GET"]}}],"collection":[{"href":"http:\/\/www.fischereiverein-wiesenfelden.de\/index.php?rest_route=\/wp\/v2\/posts"}],"about":[{"href":"http:\/\/www.fischereiverein-wiesenfelden.de\/index.php?rest_route=\/wp\/v2\/types\/post"}],"author":[{"embeddable":true,"href":"http:\/\/www.fischereiverein-wiesenfelden.de\/index.php?rest_route=\/wp\/v2\/users\/3"}],"replies":[{"embeddable":true,"href":"http:\/\/www.fischereiverein-wiesenfelden.de\/index.php?rest_route=%2Fwp%2Fv2%2Fcomments&post=589"}],"version-history":[{"count":11,"href":"http:\/\/www.fischereiverein-wiesenfelden.de\/index.php?rest_route=\/wp\/v2\/posts\/589\/revisions"}],"predecessor-version":[{"id":610,"href":"http:\/\/www.fischereiverein-wiesenfelden.de\/index.php?rest_route=\/wp\/v2\/posts\/589\/revisions\/610"}],"wp:attachment":[{"href":"http:\/\/www.fischereiverein-wiesenfelden.de\/index.php?rest_route=%2Fwp%2Fv2%2Fmedia&parent=589"}],"wp:term":[{"taxonomy":"category","embeddable":true,"href":"http:\/\/www.fischereiverein-wiesenfelden.de\/index.php?rest_route=%2Fwp%2Fv2%2Fcategories&post=589"},{"taxonomy":"post_tag","embeddable":true,"href":"http:\/\/www.fischereiverein-wiesenfelden.de\/index.php?rest_route=%2Fwp%2Fv2%2Ftags&post=589"}],"curies":[{"name":"wp","href":"https:\/\/api.w.org\/{rel}","templated":true}]}}