{"id":2532,"date":"2025-09-10T08:09:45","date_gmt":"2025-09-10T08:09:45","guid":{"rendered":"http:\/\/www.fischereiverein-wiesenfelden.de\/?p=2532"},"modified":"2025-09-10T08:13:55","modified_gmt":"2025-09-10T08:13:55","slug":"fischkirta-am-3-oktober","status":"publish","type":"post","link":"http:\/\/www.fischereiverein-wiesenfelden.de\/?p=2532","title":{"rendered":"Fischkirta am 3. Oktober"},"content":{"rendered":"\n<p>Am 3. Oktober k\u00f6nnen wie zu Corona Zeit wieder Steckerlfisch, R\u00e4ucherfisch und viele weitere Schmankerl bestellt und bei der Fischerh\u00fctte abgeholt werden. Wir bitten um Vorbestellung mit Namen, der Anzahl und die Art der Gerichte bis zum  29.09.2025 telefonisch oder per WhatsApp an eine der unten angegebenen Nummern zu t\u00e4tigen. <\/p>\n\n\n\n<p>Es kann sein das es zu kurzen Wartezeiten kommen kann, aber daf\u00fcr gibt es als Zeitvertreib eine Fischschau f\u00fcr Gro\u00df und Klein. Wir stellen Aquarien und Wasserbecken auf und es k\u00f6nnen viele gro\u00dfe und kleine einheimische Fische beobachtet werden.<\/p>\n\n\n\n<p>Auf euer kommen freut sich der Fischereiverein Wiesenfelden!<\/p>\n\n\n\n<figure class=\"wp-block-image\"><img loading=\"lazy\" decoding=\"async\" width=\"851\" height=\"1203\" src=\"http:\/\/www.fischereiverein-wiesenfelden.de\/wp-content\/uploads\/2025\/09\/Fischerkirta-2025.docx-Word.png\" alt=\"\" class=\"wp-image-2533\" srcset=\"http:\/\/www.fischereiverein-wiesenfelden.de\/wp-content\/uploads\/2025\/09\/Fischerkirta-2025.docx-Word.png 851w, http:\/\/www.fischereiverein-wiesenfelden.de\/wp-content\/uploads\/2025\/09\/Fischerkirta-2025.docx-Word-212x300.png 212w, http:\/\/www.fischereiverein-wiesenfelden.de\/wp-content\/uploads\/2025\/09\/Fischerkirta-2025.docx-Word-724x1024.png 724w, http:\/\/www.fischereiverein-wiesenfelden.de\/wp-content\/uploads\/2025\/09\/Fischerkirta-2025.docx-Word-768x1086.png 768w\" sizes=\"auto, (max-width: 851px) 100vw, 851px\" \/><\/figure>\n","protected":false},"excerpt":{"rendered":"<p>Am 3. Oktober k\u00f6nnen wie zu Corona Zeit wieder Steckerlfisch, R\u00e4ucherfisch und viele weitere Schmankerl bestellt und bei der Fischerh\u00fctte abgeholt werden.<\/p>\n<p class=\"link-more\"><a class=\"myButt \" href=\"http:\/\/www.fischereiverein-wiesenfelden.de\/?p=2532\">Zum Beitrag<\/a><\/p>\n","protected":false},"author":3,"featured_media":2533,"comment_status":"closed","ping_status":"closed","sticky":false,"template":"","format":"standard","meta":{"footnotes":""},"categories":[1],"tags":[],"class_list":["post-2532","post","type-post","status-publish","format-standard","has-post-thumbnail","hentry","category-veranstaltungen"],"_links":{"self":[{"href":"http:\/\/www.fischereiverein-wiesenfelden.de\/index.php?rest_route=\/wp\/v2\/posts\/2532","targetHints":{"allow":["GET"]}}],"collection":[{"href":"http:\/\/www.fischereiverein-wiesenfelden.de\/index.php?rest_route=\/wp\/v2\/posts"}],"about":[{"href":"http:\/\/www.fischereiverein-wiesenfelden.de\/index.php?rest_route=\/wp\/v2\/types\/post"}],"author":[{"embeddable":true,"href":"http:\/\/www.fischereiverein-wiesenfelden.de\/index.php?rest_route=\/wp\/v2\/users\/3"}],"replies":[{"embeddable":true,"href":"http:\/\/www.fischereiverein-wiesenfelden.de\/index.php?rest_route=%2Fwp%2Fv2%2Fcomments&post=2532"}],"version-history":[{"count":1,"href":"http:\/\/www.fischereiverein-wiesenfelden.de\/index.php?rest_route=\/wp\/v2\/posts\/2532\/revisions"}],"predecessor-version":[{"id":2534,"href":"http:\/\/www.fischereiverein-wiesenfelden.de\/index.php?rest_route=\/wp\/v2\/posts\/2532\/revisions\/2534"}],"wp:featuredmedia":[{"embeddable":true,"href":"http:\/\/www.fischereiverein-wiesenfelden.de\/index.php?rest_route=\/wp\/v2\/media\/2533"}],"wp:attachment":[{"href":"http:\/\/www.fischereiverein-wiesenfelden.de\/index.php?rest_route=%2Fwp%2Fv2%2Fmedia&parent=2532"}],"wp:term":[{"taxonomy":"category","embeddable":true,"href":"http:\/\/www.fischereiverein-wiesenfelden.de\/index.php?rest_route=%2Fwp%2Fv2%2Fcategories&post=2532"},{"taxonomy":"post_tag","embeddable":true,"href":"http:\/\/www.fischereiverein-wiesenfelden.de\/index.php?rest_route=%2Fwp%2Fv2%2Ftags&post=2532"}],"curies":[{"name":"wp","href":"https:\/\/api.w.org\/{rel}","templated":true}]}}